{"id":17205,"date":"2017-08-08T01:46:49","date_gmt":"2017-08-08T01:46:49","guid":{"rendered":"https:\/\/www.egirassol.com.br\/?p=17205"},"modified":"2017-08-08T02:05:48","modified_gmt":"2017-08-08T02:05:48","slug":"jogos-interclasses-2017-ens-fundamental-1","status":"publish","type":"post","link":"https:\/\/www.egirassol.com.br\/home\/jogos-interclasses-2017-ens-fundamental-1\/","title":{"rendered":"Jogos Interclasses 2017 \/ Ens. Fundamental 1"},"content":{"rendered":"<p><img loading=\"lazy\" decoding=\"async\" class=\"alignnone wp-image-17295\" src=\"https:\/\/www.egirassol.com.br\/home\/wp-content\/uploads\/2017\/08\/IMG-20170804-WA0009.jpg\" alt=\"IMG-20170804-WA0009\" width=\"293\" height=\"313\" srcset=\"https:\/\/www.egirassol.com.br\/home\/wp-content\/uploads\/2017\/08\/IMG-20170804-WA0009.jpg 738w, https:\/\/www.egirassol.com.br\/home\/wp-content\/uploads\/2017\/08\/IMG-20170804-WA0009-280x300.jpg 280w\" sizes=\"auto, (max-width: 293px) 100vw, 293px\" \/><\/p>\n<p>Aconteceram nos dias 04 e 05\/08 os JOGOS INTERCLASSES (Categorias: futsal e bola envenenada) dos alunos do Ensino Fundamental I, da Escola Girassol.<\/p>\n<p>As equipes foram organizadas com os alunos de cada turma, numa competi\u00e7\u00e3o justa que ocorreu em 4 fases, disputada nas categorias Futsal SUB-8 e SUB-10 e Bola Envenenada. Os times jogaram todos contra todos dentro de cada categoria. Foram dois dias de muita alegria e empenho dos participante. Atrav\u00e9s desse tipo de jogos \u00e9 poss\u00edvel perceber os alunos em sua ess\u00eancia:<\/p>\n<p>As qualidades, os medos, as dificuldades, as limita\u00e7\u00f5es \u2013 e isso \u00e9 fant\u00e1stico! Al\u00e9m \u00e9 claro de uma maior intera\u00e7\u00e3o de personalidades.<\/p>\n<p>O evento foi um sucesso e deu-nos a oportunidade de aprender a ganhar e perder com responsabilidade, tornando o momento muito especial para todos n\u00f3s. Divers\u00e3o para garotada, felicidade para n\u00f3s professores e pais ao vermos nossos pequenos fazendo o que gostam: brincar de ser crian\u00e7a!<\/p>\n<p>Parab\u00e9ns a todos os alunos\/atletas que participaram de todas as disputas.<\/p>\n<p>#Todos_n\u00f3s_somos_vencedores!!<\/p>\n<p>Veja a galeria com os lances dos nossos craques.\u00a0<strong><em><a href=\"https:\/\/www.egirassol.com.br\/gallery\/torneio-interclasses-2017-ensino-fundamental-1\/\">Clique aqui!<\/a><\/em><\/strong><\/p>\n<p><strong>RESULTADOS FINAIS<\/strong><\/p>\n<p class=\"text-right\"><span style=\"color: #ff0000;\"><strong>CATEGORIA FUTSAL SUB-8 (2\u00ba e 3\u00ba Ano)<\/strong><\/span><br \/>\n<span style=\"color: #ffcc00;\"><strong>Campe\u00e3o \u2013 3\u00ba ANO A<sub>2<\/sub> \u2013 Ouro<\/strong><\/span><br \/>\n<em>Jo\u00e3o Gabriel;<\/em><br \/>\n<em>Nicolas Torres;<\/em><br \/>\n<em>Jos\u00e9 Manoel;<\/em><br \/>\n<em>Guilherme Teixeira<\/em><br \/>\n<em>Pietro Regis<\/em><br \/>\n<em>Nicolas Iraildo;<\/em><br \/>\n<em>Arthur.<\/em><\/p>\n<p><span style=\"color: #00ccff;\"><strong>Vice-campe\u00e3o &#8211; 2\u00ba ANO A\u00a0\u2013 Prata<\/strong><\/span><br \/>\n<em>Gabriel Ferreira;<\/em><br \/>\n<em>Mateus Lopes;<\/em><br \/>\n<em>Matheus Braga;<\/em><br \/>\n<em>Davi Amorim;<\/em><br \/>\n<em>Matheus Ribeiro;<\/em><br \/>\n<em>Marcelo Filho.<\/em><\/p>\n<p><em>\u00a0<\/em><strong>3\u00ba Colocado &#8211; 3\u00ba ANO A<sub>1<\/sub> \u2013 Bronze<\/strong><br \/>\n<em>Jo\u00e3o Pedro;<\/em><br \/>\n<em>Emanuel Costa;<\/em><br \/>\n<em>Carlos Rodolfo;<\/em><br \/>\n<em>Josimar Almeida;<\/em><br \/>\n<em>Mateus Joaquim;<\/em><br \/>\n<em>Murilo.<\/em><\/p>\n<p><span style=\"color: #ff0000;\"><strong>CATEGORIA FUTSAL SUB-10 (4\u00ba e 5\u00ba Ano)<\/strong><\/span><br \/>\n<span style=\"color: #ffcc00;\"><strong>Campe\u00e3o \u2013 5\u00ba ANO A\u00a0\u2013 Ouro<\/strong><\/span><br \/>\n<em>Arthur Sanders;<\/em><br \/>\n<em>Luiz Renato;<\/em><br \/>\n<em>Maelson;<\/em><br \/>\n<em>Mauricio;<\/em><br \/>\n<em>Aquiles Alves;<\/em><br \/>\n<em>Cau\u00e3;<\/em><br \/>\n<em>Luiz Eduardo.<\/em><\/p>\n<p><span style=\"color: #00ccff;\"><strong>Vice-campe\u00e3o &#8211; 4\u00ba ANO C \u2013 Prata<\/strong><\/span><br \/>\n<em>Iudi Silva;<\/em><br \/>\n<em>Luiz Gustavo;<\/em><br \/>\n<em>Eden Felipe;<\/em><br \/>\n<em>Gabriel;<\/em><br \/>\n<em>Josu\u00e9 Filho;<\/em><br \/>\n<em>Satilio Gomes;<\/em><br \/>\n<em>Luiz Henrique.<\/em><\/p>\n<p><strong>3\u00ba Colocado &#8211; 5\u00ba ANO B\u00a0\u2013 Bronze<\/strong><br \/>\n<em>Guilherme;<\/em><br \/>\n<em>Jo\u00e3o Pedro;<\/em><br \/>\n<em>Jos\u00e9 Selton;<\/em><br \/>\n<em>Samuel de Souza;<\/em><br \/>\n<em>Marcos Paulo;<\/em><br \/>\n<em>Lucas Henrique.<\/em><\/p>\n<p>4\u00ba Colocado &#8211; 4\u00ba ANO A<sub>1<\/sub> &#8211; Bronze (participa\u00e7\u00e3o)<br \/>\n5\u00ba Colocado &#8211; 4\u00ba ANO A<sub>2<\/sub> &#8211; Bronze (participa\u00e7\u00e3o)<br \/>\n6\u00ba Colocado &#8211; 4\u00ba ANO B\u00a0 &#8211; Bronze (participa\u00e7\u00e3o)<\/p>\n<p><span style=\"color: #ff0000;\"><strong>CATEGORIA BOLA ENVENENADA<\/strong><\/span><\/p>\n<p><span style=\"color: #ffcc00;\"><strong>Campe\u00e3 \u2013 EQUIPE 3 \u2013 LARANJA\u00a0\u2013 Ouro<\/strong><\/span><br \/>\n<em>Carolini \u2013 5\u00ba Ano B<\/em><br \/>\n<em>Rebeca \u2013 4\u00ba Ano B<\/em><br \/>\n<em>Maria Luiza \u2013 4\u00ba Ano B<\/em><br \/>\n<em>Lunah \u2013 3\u00ba Ano B<\/em><br \/>\n<em>Ana Serli \u2013 3\u00ba Ano B<\/em><br \/>\n<em>Savana \u2013 3\u00ba Ano B<\/em><br \/>\n<em>Fernanda \u2013 3\u00ba Ano B<\/em><br \/>\n<em>Iasmin \u2013 2\u00ba Ano B<\/em><\/p>\n<p class=\"text-right\"><span style=\"color: #00ccff;\"><strong>Vice-campe\u00e3 \u2013 EQUIPE 1 \u2013 VEDE \u2013 Prata<\/strong><\/span><br \/>\n<em>Larissa \u2013 4\u00ba Ano B<\/em><br \/>\n<em>Isadora \u2013 5\u00ba Ano B<\/em><br \/>\n<em>Maria Luiza \u2013 4\u00ba A<\/em><br \/>\n<em>Thayse \u2013 3\u00ba Ano B<\/em><br \/>\n<em>Ana Luiza \u2013 3\u00ba Ano B<\/em><br \/>\n<em>Marcela \u2013 3\u00ba Ano A<\/em><br \/>\n<em>Emanueli \u2013 3\u00ba Ano A<\/em><br \/>\n<em>Maria Eduarda \u2013 2\u00ba Ano A<\/em><\/p>\n<p><strong>3\u00aa Colocada \u00a0\u2013 EQUIPE 2 \u2013 AMARELA \u2013 Bronze<\/strong><br \/>\n<em>Raicca \u2013 4\u00ba Ano B<\/em><br \/>\n<em>Isabelle \u2013 5\u00ba Ano B<\/em><br \/>\n<em>J\u00falia \u2013 4\u00ba Ano A<\/em><br \/>\n<em>Millena \u2013 4\u00ba Ano A<\/em><br \/>\n<em>Pedro Luiz \u2013 3\u00ba Ano B<\/em><br \/>\n<em>Mariana Regis \u2013 3\u00ba Ano B<\/em><br \/>\n<em>Lara Rauany \u2013 3\u00ba Ano B<\/em><br \/>\n<em>Maria Eduarda \u2013 2\u00ba Ano B<\/em><br \/>\n<em>Mariani \u2013 3\u00ba Ano B<\/em><\/p>\n<p>A COMISS\u00c3O ORGANIZADORA<br \/>\nDepartamento de Esportes da EGS<\/p>\n","protected":false},"excerpt":{"rendered":"<p>Aconteceram nos dias 04 e 05\/08 os JOGOS INTERCLASSES (Categorias: futsal e bola envenenada) dos alunos do Ensino Fundamental I, da Escola Girassol. As&#8230; &nbsp; <a href=\"https:\/\/www.egirassol.com.br\/home\/jogos-interclasses-2017-ens-fundamental-1\/\" class=\"moretag\">Continue lendo<\/a><\/p>\n","protected":false},"author":1,"featured_media":17295,"comment_status":"open","ping_status":"open","sticky":false,"template":"","format":"standard","meta":{"footnotes":""},"categories":[16,1],"tags":[],"class_list":["post-17205","post","type-post","status-publish","format-standard","has-post-thumbnail","hentry","category-imprensa","category-noticias"],"_links":{"self":[{"href":"https:\/\/www.egirassol.com.br\/home\/wp-json\/wp\/v2\/posts\/17205","targetHints":{"allow":["GET"]}}],"collection":[{"href":"https:\/\/www.egirassol.com.br\/home\/wp-json\/wp\/v2\/posts"}],"about":[{"href":"https:\/\/www.egirassol.com.br\/home\/wp-json\/wp\/v2\/types\/post"}],"author":[{"embeddable":true,"href":"https:\/\/www.egirassol.com.br\/home\/wp-json\/wp\/v2\/users\/1"}],"replies":[{"embeddable":true,"href":"https:\/\/www.egirassol.com.br\/home\/wp-json\/wp\/v2\/comments?post=17205"}],"version-history":[{"count":2,"href":"https:\/\/www.egirassol.com.br\/home\/wp-json\/wp\/v2\/posts\/17205\/revisions"}],"predecessor-version":[{"id":17297,"href":"https:\/\/www.egirassol.com.br\/home\/wp-json\/wp\/v2\/posts\/17205\/revisions\/17297"}],"wp:featuredmedia":[{"embeddable":true,"href":"https:\/\/www.egirassol.com.br\/home\/wp-json\/wp\/v2\/media\/17295"}],"wp:attachment":[{"href":"https:\/\/www.egirassol.com.br\/home\/wp-json\/wp\/v2\/media?parent=17205"}],"wp:term":[{"taxonomy":"category","embeddable":true,"href":"https:\/\/www.egirassol.com.br\/home\/wp-json\/wp\/v2\/categories?post=17205"},{"taxonomy":"post_tag","embeddable":true,"href":"https:\/\/www.egirassol.com.br\/home\/wp-json\/wp\/v2\/tags?post=17205"}],"curies":[{"name":"wp","href":"https:\/\/api.w.org\/{rel}","templated":true}]}}