{"id":23497,"date":"2018-12-01T01:34:29","date_gmt":"2018-12-01T01:34:29","guid":{"rendered":"https:\/\/www.egirassol.com.br\/?p=23497"},"modified":"2018-12-01T01:34:29","modified_gmt":"2018-12-01T01:34:29","slug":"projeto-leitura","status":"publish","type":"post","link":"https:\/\/www.egirassol.com.br\/home\/projeto-leitura\/","title":{"rendered":"Projeto Leitura"},"content":{"rendered":"<p>O projeto &#8220;TODO DIA \u00c9 DIA DE LEITURA\u201d, desenvolvido durante o 2\u00ba Semestre pela Coordenadora Pedag\u00f3gica da Escola Girassol, Mary Oliveira, despertou nos alunos do Ensino Fundamental (2\u00ba ao 5\u00ba ano) o gosto por ler e a imers\u00e3o no universo da literatura. O objetivo de encantar o espa\u00e7o escolar, tornando a leitura uma pr\u00e1tica prazerosa, indispens\u00e1vel ao desenvolvimento do pensamento cr\u00edtico, aut\u00f4nomo e criativo das crian\u00e7as foi realizado<span class=\"text_exposed_show\"> com sucesso.<br \/>\nO projeto possibilita momentos l\u00fadicos, a aprecia\u00e7\u00e3o, o contato e a manipula\u00e7\u00e3o de obras liter\u00e1rias, por meio de uma pr\u00e1tica pedag\u00f3gica eficiente que contribua para a forma\u00e7\u00e3o de leitores.<br \/>\nPara finalizar o projeto, os alunos foram premiados de acordo com o ranking de leitura organizado pela bibliotec\u00e1ria da Escola, Emanuella Viana. Os alunos com maior assiduidade na leitura dos paradid\u00e1ticos receberam medalhas e o Diploma de Leitor+.<br \/>\nDurante o per\u00edodo de premia\u00e7\u00e3o, alguns alunos se caracterizaram de personagens, representaram cenas de contos infantis e animaram a crian\u00e7ada de nossa escola.<br \/>\nParab\u00e9ns a todos os alunos que abra\u00e7aram a ideia e viajaram no mundo da leitura. Voc\u00eas s\u00e3o \u201cLEITOR+!<\/span><\/p>\n<p><a href=\"https:\/\/www.egirassol.com.br\/gallery\/projeto-leitura\/\">Clique aqui<\/a> e veja as imagens!<\/p>\n<div class=\"text_exposed_show\">\n<p><span class=\"_5afx\"><span class=\"_58cl _5afz\" aria-label=\"hashtag\">#<\/span><span class=\"_58cm\">ProjetoLeitura<\/span><\/span><br \/>\n<span class=\"_5afx\"><span class=\"_58cl _5afz\" aria-label=\"hashtag\">#<\/span><span class=\"_58cm\">Leitorpositivo<\/span><\/span><br \/>\n<span class=\"_5afx\"><span class=\"_58cl _5afz\" aria-label=\"hashtag\">#<\/span><span class=\"_58cm\">LerComPrazer<\/span><\/span><br \/>\n<span class=\"_5afx\"><span class=\"_58cl _5afz\" aria-label=\"hashtag\">#<\/span><span class=\"_58cm\">MundodaLeitura<\/span><\/span><br \/>\n<span class=\"_5afx\"><span class=\"_58cl _5afz\" aria-label=\"hashtag\">#<\/span><span class=\"_58cm\">MundoM\u00e1gico<\/span><\/span><br \/>\n<span class=\"_5afx\"><span class=\"_58cl _5afz\" aria-label=\"hashtag\">#<\/span><span class=\"_58cm\">EscolGirassol<\/span><\/span><br \/>\n<span class=\"_5afx\"><span class=\"_58cl _5afz\" aria-label=\"hashtag\">#<\/span><span class=\"_58cm\">40Anos<\/span><\/span><\/p>\n<\/div>\n<p>&nbsp;<\/p>\n","protected":false},"excerpt":{"rendered":"<p>O projeto &#8220;TODO DIA \u00c9 DIA DE LEITURA\u201d, desenvolvido durante o 2\u00ba Semestre pela Coordenadora Pedag\u00f3gica da Escola Girassol, Mary Oliveira, despertou nos alunos&#8230; &nbsp; <a href=\"https:\/\/www.egirassol.com.br\/home\/projeto-leitura\/\" class=\"moretag\">Continue lendo<\/a><\/p>\n","protected":false},"author":1,"featured_media":23514,"comment_status":"open","ping_status":"open","sticky":false,"template":"","format":"standard","meta":{"footnotes":""},"categories":[1],"tags":[],"class_list":["post-23497","post","type-post","status-publish","format-standard","has-post-thumbnail","hentry","category-noticias"],"_links":{"self":[{"href":"https:\/\/www.egirassol.com.br\/home\/wp-json\/wp\/v2\/posts\/23497","targetHints":{"allow":["GET"]}}],"collection":[{"href":"https:\/\/www.egirassol.com.br\/home\/wp-json\/wp\/v2\/posts"}],"about":[{"href":"https:\/\/www.egirassol.com.br\/home\/wp-json\/wp\/v2\/types\/post"}],"author":[{"embeddable":true,"href":"https:\/\/www.egirassol.com.br\/home\/wp-json\/wp\/v2\/users\/1"}],"replies":[{"embeddable":true,"href":"https:\/\/www.egirassol.com.br\/home\/wp-json\/wp\/v2\/comments?post=23497"}],"version-history":[{"count":1,"href":"https:\/\/www.egirassol.com.br\/home\/wp-json\/wp\/v2\/posts\/23497\/revisions"}],"predecessor-version":[{"id":23605,"href":"https:\/\/www.egirassol.com.br\/home\/wp-json\/wp\/v2\/posts\/23497\/revisions\/23605"}],"wp:featuredmedia":[{"embeddable":true,"href":"https:\/\/www.egirassol.com.br\/home\/wp-json\/wp\/v2\/media\/23514"}],"wp:attachment":[{"href":"https:\/\/www.egirassol.com.br\/home\/wp-json\/wp\/v2\/media?parent=23497"}],"wp:term":[{"taxonomy":"category","embeddable":true,"href":"https:\/\/www.egirassol.com.br\/home\/wp-json\/wp\/v2\/categories?post=23497"},{"taxonomy":"post_tag","embeddable":true,"href":"https:\/\/www.egirassol.com.br\/home\/wp-json\/wp\/v2\/tags?post=23497"}],"curies":[{"name":"wp","href":"https:\/\/api.w.org\/{rel}","templated":true}]}}