{"id":27608,"date":"2019-10-11T00:01:01","date_gmt":"2019-10-11T00:01:01","guid":{"rendered":"https:\/\/www.egirassol.com.br\/?p=27608"},"modified":"2019-10-11T00:01:01","modified_gmt":"2019-10-11T00:01:01","slug":"dia-das-criancas-grupo-5","status":"publish","type":"post","link":"https:\/\/www.egirassol.com.br\/home\/dia-das-criancas-grupo-5\/","title":{"rendered":"Dia das Crian\u00e7as &#8211; Grupo 5"},"content":{"rendered":"\n<p>Passeio das turmas dos Grupos 5 &#8211; Matutino e Vespertino, das Professoras Daiane Amorim e Alexsandra Amorim, na Ch\u00e1cara de Dr. Pedro em comemora\u00e7\u00e3o ao Dia das Crian\u00e7as. Na oportunidade, os alunos aproveitaram o espa\u00e7o recheado de conhecimento e se aprofundaram no tema estudado durante essa III Unidade. Porque vamos concordar: aprender \u00e9 bom, e aprender se divertindo \u00e9 muuuuito melhor!Um dia de muita alegria, brincadeiras, divers\u00e3o e bastante aprendizagem. Muito obrigado \u00e0 mam\u00e3e Lucimilla por todo carinho e apoio proporcionando esse inesquec\u00edvel momento para nossos pequenos. <\/p>\n\n\n\n<p><a href=\"https:\/\/www.egirassol.com.br\/?post_type=gallery&amp;p=27609&amp;preview=true\">Clique aqui<\/a> e veja imagens.<\/p>\n","protected":false},"excerpt":{"rendered":"<p>Passeio das turmas dos Grupos 5 &#8211; Matutino e Vespertino, das Professoras Daiane Amorim e Alexsandra Amorim, na Ch\u00e1cara de Dr. Pedro em comemora\u00e7\u00e3o&#8230; &nbsp; <a href=\"https:\/\/www.egirassol.com.br\/home\/dia-das-criancas-grupo-5\/\" class=\"moretag\">Continue lendo<\/a><\/p>\n","protected":false},"author":1,"featured_media":27646,"comment_status":"open","ping_status":"open","sticky":false,"template":"","format":"standard","meta":{"footnotes":""},"categories":[1],"tags":[],"class_list":["post-27608","post","type-post","status-publish","format-standard","has-post-thumbnail","hentry","category-noticias"],"_links":{"self":[{"href":"https:\/\/www.egirassol.com.br\/home\/wp-json\/wp\/v2\/posts\/27608","targetHints":{"allow":["GET"]}}],"collection":[{"href":"https:\/\/www.egirassol.com.br\/home\/wp-json\/wp\/v2\/posts"}],"about":[{"href":"https:\/\/www.egirassol.com.br\/home\/wp-json\/wp\/v2\/types\/post"}],"author":[{"embeddable":true,"href":"https:\/\/www.egirassol.com.br\/home\/wp-json\/wp\/v2\/users\/1"}],"replies":[{"embeddable":true,"href":"https:\/\/www.egirassol.com.br\/home\/wp-json\/wp\/v2\/comments?post=27608"}],"version-history":[{"count":1,"href":"https:\/\/www.egirassol.com.br\/home\/wp-json\/wp\/v2\/posts\/27608\/revisions"}],"predecessor-version":[{"id":27666,"href":"https:\/\/www.egirassol.com.br\/home\/wp-json\/wp\/v2\/posts\/27608\/revisions\/27666"}],"wp:featuredmedia":[{"embeddable":true,"href":"https:\/\/www.egirassol.com.br\/home\/wp-json\/wp\/v2\/media\/27646"}],"wp:attachment":[{"href":"https:\/\/www.egirassol.com.br\/home\/wp-json\/wp\/v2\/media?parent=27608"}],"wp:term":[{"taxonomy":"category","embeddable":true,"href":"https:\/\/www.egirassol.com.br\/home\/wp-json\/wp\/v2\/categories?post=27608"},{"taxonomy":"post_tag","embeddable":true,"href":"https:\/\/www.egirassol.com.br\/home\/wp-json\/wp\/v2\/tags?post=27608"}],"curies":[{"name":"wp","href":"https:\/\/api.w.org\/{rel}","templated":true}]}}